{"id":185,"date":"2022-10-03T12:24:00","date_gmt":"2022-10-03T15:24:00","guid":{"rendered":"https:\/\/fundacionlibremente.org.ar\/?p=185"},"modified":"2024-07-15T18:28:07","modified_gmt":"2024-07-15T21:28:07","slug":"discurso-del-odio-y-tomas-de-escuelas","status":"publish","type":"post","link":"https:\/\/fundacionlibremente.org.ar\/?p=185","title":{"rendered":"DISCURSO DEL ODIO Y TOMAS DE\u00a0ESCUELAS"},"content":{"rendered":"\n<p><\/p>\n\n\n\n<p><\/p>\n\n\n\n<p>         \u00a0Entre los m\u00faltiples hechos que existen en la notable decadencia del sistema educativo, en estos d\u00edas existen dos de distinta naturaleza que grafican la evidencia del deterioro de la calidad educativa, como asimismo la falta de respeto hacia el espacio f\u00edsico (escuela) y la ausencia de empat\u00eda hacia alumnos y docentes que se ven privados de la continuidad de las clases regulares, provocando una desorganizaci\u00f3n en la vida familiar.<\/p>\n\n\n\n<p>&nbsp;&nbsp; &nbsp;&nbsp;&nbsp;&nbsp;&nbsp;&nbsp;&nbsp;El discurso del odio que el gobierno trata de instalar en el sistema educativo a trav\u00e9s de un cuadernillo con propuestas demag\u00f3gicas, responsabilizando a las derechas y mediante vi\u00f1etas se conjuga el verbo odiar gatillando una pistola en alusi\u00f3n al atentado a la vicepresidente de la Naci\u00f3n, es una palmaria demostraci\u00f3n de la bajeza que invade la educaci\u00f3n.<\/p>\n\n\n\n<p>&nbsp;&nbsp;&nbsp;&nbsp;&nbsp;&nbsp;&nbsp;&nbsp;&nbsp;&nbsp; De la misma manera lo es la toma de escuelas en CABA por parte de alumnos de secundaria con el consentimiento de sus padres, impidiendo que los otros niveles educativos puedan asistir a clases y ocasionen da\u00f1os materiales a los establecimientos educativos.<\/p>\n\n\n\n<p>&nbsp;&nbsp;&nbsp;&nbsp;&nbsp;&nbsp;&nbsp;&nbsp;&nbsp; El pensamiento cr\u00edtico y el criterio propio, se cultivan mediante el fomento del di\u00e1logo y la libre expresi\u00f3n, nunca con el adoctrinamiento con fines pol\u00edticos.<\/p>\n\n\n\n<p>&nbsp;&nbsp;&nbsp;&nbsp;&nbsp;&nbsp;&nbsp;&nbsp;&nbsp;&nbsp; Estamos lejos de ense\u00f1ar a pensar y cerca de ense\u00f1ar qu\u00e9 pensar. Triste actualidad educativa con horizonte oscuro para el futuro. No dejemos de interesarnos por la educaci\u00f3n.<\/p>\n\n\n\n<p class=\"has-text-align-right\"><em>Presidente Fundaci\u00f3n LibreMente, Dr. Orlando Litta<\/em>.<\/p>\n","protected":false},"excerpt":{"rendered":"<p>\u00a0Entre los m\u00faltiples hechos que existen en la notable decadencia del sistema educativo, en estos d\u00edas existen dos de distinta naturaleza que grafican la evidencia del deterioro de la calidad educativa, como asimismo la falta de respeto hacia el espacio f\u00edsico (escuela) y la ausencia de empat\u00eda hacia alumnos y docentes que se ven privados [&hellip;]<\/p>\n","protected":false},"author":1,"featured_media":157,"comment_status":"open","ping_status":"open","sticky":false,"template":"","format":"standard","meta":{"footnotes":""},"categories":[4],"tags":[],"class_list":["post-185","post","type-post","status-publish","format-standard","has-post-thumbnail","hentry","category-articulos"],"_links":{"self":[{"href":"https:\/\/fundacionlibremente.org.ar\/index.php?rest_route=\/wp\/v2\/posts\/185","targetHints":{"allow":["GET"]}}],"collection":[{"href":"https:\/\/fundacionlibremente.org.ar\/index.php?rest_route=\/wp\/v2\/posts"}],"about":[{"href":"https:\/\/fundacionlibremente.org.ar\/index.php?rest_route=\/wp\/v2\/types\/post"}],"author":[{"embeddable":true,"href":"https:\/\/fundacionlibremente.org.ar\/index.php?rest_route=\/wp\/v2\/users\/1"}],"replies":[{"embeddable":true,"href":"https:\/\/fundacionlibremente.org.ar\/index.php?rest_route=%2Fwp%2Fv2%2Fcomments&post=185"}],"version-history":[{"count":1,"href":"https:\/\/fundacionlibremente.org.ar\/index.php?rest_route=\/wp\/v2\/posts\/185\/revisions"}],"predecessor-version":[{"id":186,"href":"https:\/\/fundacionlibremente.org.ar\/index.php?rest_route=\/wp\/v2\/posts\/185\/revisions\/186"}],"wp:featuredmedia":[{"embeddable":true,"href":"https:\/\/fundacionlibremente.org.ar\/index.php?rest_route=\/wp\/v2\/media\/157"}],"wp:attachment":[{"href":"https:\/\/fundacionlibremente.org.ar\/index.php?rest_route=%2Fwp%2Fv2%2Fmedia&parent=185"}],"wp:term":[{"taxonomy":"category","embeddable":true,"href":"https:\/\/fundacionlibremente.org.ar\/index.php?rest_route=%2Fwp%2Fv2%2Fcategories&post=185"},{"taxonomy":"post_tag","embeddable":true,"href":"https:\/\/fundacionlibremente.org.ar\/index.php?rest_route=%2Fwp%2Fv2%2Ftags&post=185"}],"curies":[{"name":"wp","href":"https:\/\/api.w.org\/{rel}","templated":true}]}}