{"id":187,"date":"2022-07-28T18:28:00","date_gmt":"2022-07-28T21:28:00","guid":{"rendered":"https:\/\/fundacionlibremente.org.ar\/?p=187"},"modified":"2024-07-15T18:32:07","modified_gmt":"2024-07-15T21:32:07","slug":"el-festejo-del-sindrome-de-esclavo","status":"publish","type":"post","link":"https:\/\/fundacionlibremente.org.ar\/?p=187","title":{"rendered":"El FESTEJO DEL SINDROME DE\u00a0ESCLAVO"},"content":{"rendered":"\n<p>         Analizando las acciones y la idiosincrasia que hemos demostrado los argentinos a lo largo de la historia, respecto a las pol\u00edticas p\u00fablicas que el Estado ha desenvuelto en sus diversas \u00e1reas, cabe preguntarse a modo de respuesta afirmativa, si la matriz cultural nuestra es el reflejo del s\u00edndrome de esclavo.<\/p>\n\n\n\n<p>&nbsp;&nbsp;&nbsp;&nbsp;&nbsp;&nbsp;&nbsp;&nbsp;&nbsp; Tal s\u00edndrome lo padecen \u201csatisfechos\u201d, las personas que viven objetivamente sujetas al yugo estatal, resignadas y agradecidas a esa existencia. Tienen una matriz de pensamiento que no les permite cuestionar su esclavitud, con una convicci\u00f3n de no poder escapar de esa situaci\u00f3n.<\/p>\n\n\n\n<p>&nbsp;&nbsp;&nbsp;&nbsp;&nbsp;&nbsp;&nbsp;&nbsp;&nbsp; En el derrotero de la historia pol\u00edtica argentina, el Estado ha desplegado una conducta manipuladora haciendo sentir en los integrantes de la sociedad, que en el mismo Estado secuestrador de sus libertades siempre encontrar\u00e1n una esperanza que les permitir\u00e1 fortalecer sus deseos de vivir. Ese mecanismo de hacer sentir que hay una conexi\u00f3n de amo-esclavo, ha construido en los ciudadanos un \u201ccar\u00e1cter social\u201d, abandonando la libertad que por naturaleza les pertenece, subordinando su vida a poderes exteriores y superiores que han sido producto de una delegaci\u00f3n de poderes que ellos mismos han concedido, olvidando que esos poderes deben ser limitados puesto que en ese contexto los han transferido.&nbsp; &nbsp;&nbsp;&nbsp;&nbsp;&nbsp;&nbsp;<\/p>\n\n\n\n<p>&nbsp;&nbsp;&nbsp;&nbsp;&nbsp;&nbsp;&nbsp;&nbsp;&nbsp; Obviamente que estos procesos psicol\u00f3gicos de orden colectivo, se han edificado con gobiernos que han tenido consenso y apoyo a trav\u00e9s del voto democr\u00e1tico o de golpes de facto que interrumpieron el orden constitucional. El ADN promedio argentino nunca se emancip\u00f3 de la ra\u00edz cultural colonial, el autoritarismo y la improductividad se enquistaron, dando lugar a que germinaran procesos sociales por los cuales el Estado modela las energ\u00edas humanas alej\u00e1ndolas de su potencial intelectual emprendedor. El miedo a la libertad creadora para trabajar y producir se instal\u00f3 haciendo huir a los individuos de la responsabilidad de hacer huella en su camino existencial.<\/p>\n\n\n\n<p>&nbsp;&nbsp;&nbsp;&nbsp;&nbsp;&nbsp;&nbsp;&nbsp;&nbsp; En ese car\u00e1cter social se ha forjado un sue\u00f1o nefasto pero incre\u00edblemente seductor, el sue\u00f1o de la unanimidad, anidando en tal fin los populismos manipuladores. El principio de la igualdad y el ilimitado otorgamiento de derechos, bajo el pretexto de las necesidades, hicieron imaginar falsamente que la uniformidad es el objetivo a alcanzar.<\/p>\n\n\n\n<p>&nbsp;&nbsp;&nbsp;&nbsp;&nbsp;&nbsp;&nbsp;&nbsp;&nbsp;&nbsp; El valor de la auto-conservaci\u00f3n de las personas en un orden espont\u00e1neo y de colaboraci\u00f3n con los otros integrantes de la sociedad, ha sido minimizado, bloqueando la autoestima conduci\u00e9ndola al \u201cautoenga\u00f1o\u201d.<\/p>\n\n\n\n<p>&nbsp;&nbsp;&nbsp;&nbsp;&nbsp;&nbsp;&nbsp;&nbsp;&nbsp; Se ha naturalizado el poder se\u00f1orial que el Estado ejerce sobre sus esclavos mentales. Todo necesita ser visado y autorizado por el \u201camo\u201d Estado. La resignaci\u00f3n y la pasividad se incorporaron al \u00e1nimo colectivo. La sumisi\u00f3n es aceptada, la conformidad es autom\u00e1tica.&nbsp; &nbsp;<\/p>\n\n\n\n<p>&nbsp;&nbsp;&nbsp;&nbsp;&nbsp;&nbsp;&nbsp;&nbsp;&nbsp; La humillaci\u00f3n constante hacia quienes creen tener derecho a todo, implica un trato degradante, convenciendo a esos destinatarios de derechos que deben estar agradecidos \u2013de hecho lo est\u00e1n- de la supervivencia que se les brinda.<\/p>\n\n\n\n<p>&nbsp;&nbsp;&nbsp;&nbsp;&nbsp;&nbsp;&nbsp;&nbsp;&nbsp; Existen esclavos conscientes y esclavos inconscientes que adolecen ese s\u00edndrome, todos est\u00e1n satisfechos y festejan esa servidumbre, la cual es soportada sobre sus hombros y espaldas por otros individuos \u2013cada vez menos en el tiempo- que pretenden cambiar el destino fatal que se aproxima con los s\u00edntomas de aquel s\u00edndrome.<\/p>\n\n\n\n<p>&nbsp;&nbsp;&nbsp;&nbsp;&nbsp;&nbsp;&nbsp;&nbsp;&nbsp; El mundo siempre ha cambiado a lo largo de su historia, nunca estuvo predeterminado su destino, siempre estaremos expuestos a infinitas e imprevisibles posibilidades que los mortales iremos viviendo, cursando procesos sociales que desarrollamos con nuestro accionar. Ahora bien, esos procesos, deben portar nuestras pasiones, deseos y emociones en el marco de la libertad creadora; para ello debemos librar la batalla m\u00e1s importante, la lucha por despojarnos del yugo estatal que nos asfixia con el atroz canto de la falsa protecci\u00f3n.<\/p>\n\n\n\n<p>&nbsp;&nbsp;&nbsp;&nbsp;&nbsp;&nbsp;&nbsp;&nbsp;&nbsp; La verdadera y renombrada \u201cgrieta\u201d, es la manera de vivir la vida, de c\u00f3mo organizar la vida en sociedad. La mayor\u00eda disfruta y festeja el s\u00edndrome de esclavo como seres estandarizados y paralizados. Quienes nos oponemos a ese cuadro patol\u00f3gico tenemos la obligaci\u00f3n de evitar la propagaci\u00f3n de ese mal. &nbsp;<\/p>\n\n\n\n<p class=\"has-text-align-right\"><em>Presidente Fundaci\u00f3n LibreMente, Dr. Orlando Litta<\/em>.<\/p>\n","protected":false},"excerpt":{"rendered":"<p>Analizando las acciones y la idiosincrasia que hemos demostrado los argentinos a lo largo de la historia, respecto a las pol\u00edticas p\u00fablicas que el Estado ha desenvuelto en sus diversas \u00e1reas, cabe preguntarse a modo de respuesta afirmativa, si la matriz cultural nuestra es el reflejo del s\u00edndrome de esclavo. &nbsp;&nbsp;&nbsp;&nbsp;&nbsp;&nbsp;&nbsp;&nbsp;&nbsp; Tal s\u00edndrome lo padecen [&hellip;]<\/p>\n","protected":false},"author":1,"featured_media":188,"comment_status":"open","ping_status":"open","sticky":false,"template":"","format":"standard","meta":{"footnotes":""},"categories":[4],"tags":[],"class_list":["post-187","post","type-post","status-publish","format-standard","has-post-thumbnail","hentry","category-articulos"],"_links":{"self":[{"href":"https:\/\/fundacionlibremente.org.ar\/index.php?rest_route=\/wp\/v2\/posts\/187","targetHints":{"allow":["GET"]}}],"collection":[{"href":"https:\/\/fundacionlibremente.org.ar\/index.php?rest_route=\/wp\/v2\/posts"}],"about":[{"href":"https:\/\/fundacionlibremente.org.ar\/index.php?rest_route=\/wp\/v2\/types\/post"}],"author":[{"embeddable":true,"href":"https:\/\/fundacionlibremente.org.ar\/index.php?rest_route=\/wp\/v2\/users\/1"}],"replies":[{"embeddable":true,"href":"https:\/\/fundacionlibremente.org.ar\/index.php?rest_route=%2Fwp%2Fv2%2Fcomments&post=187"}],"version-history":[{"count":1,"href":"https:\/\/fundacionlibremente.org.ar\/index.php?rest_route=\/wp\/v2\/posts\/187\/revisions"}],"predecessor-version":[{"id":189,"href":"https:\/\/fundacionlibremente.org.ar\/index.php?rest_route=\/wp\/v2\/posts\/187\/revisions\/189"}],"wp:featuredmedia":[{"embeddable":true,"href":"https:\/\/fundacionlibremente.org.ar\/index.php?rest_route=\/wp\/v2\/media\/188"}],"wp:attachment":[{"href":"https:\/\/fundacionlibremente.org.ar\/index.php?rest_route=%2Fwp%2Fv2%2Fmedia&parent=187"}],"wp:term":[{"taxonomy":"category","embeddable":true,"href":"https:\/\/fundacionlibremente.org.ar\/index.php?rest_route=%2Fwp%2Fv2%2Fcategories&post=187"},{"taxonomy":"post_tag","embeddable":true,"href":"https:\/\/fundacionlibremente.org.ar\/index.php?rest_route=%2Fwp%2Fv2%2Ftags&post=187"}],"curies":[{"name":"wp","href":"https:\/\/api.w.org\/{rel}","templated":true}]}}