{"id":370,"date":"2024-06-01T15:48:00","date_gmt":"2024-06-01T18:48:00","guid":{"rendered":"https:\/\/fundacionlibremente.org.ar\/?p=370"},"modified":"2025-02-18T15:50:42","modified_gmt":"2025-02-18T18:50:42","slug":"taller-profesores-analogicos-en-la-era-digital-el-desafio-de-ensenar-ciencias-sociales","status":"publish","type":"post","link":"https:\/\/fundacionlibremente.org.ar\/?p=370","title":{"rendered":"taller &#8220;Profesores anal\u00f3gicos en la era digital: el desaf\u00edo de ense\u00f1ar Ciencias Sociales&#8221;"},"content":{"rendered":"\n<p>El 29 de junio del 2024, se realiz\u00f3 el taller &#8220;Profesores anal\u00f3gicos en la era digital: el desaf\u00edo de ense\u00f1ar Ciencias Sociales&#8221;, dirigido por la experta Mar\u00eda Cristina G\u00f3mez, Licenciada en Historia, Master en Econom\u00eda y Ciencias Pol\u00edticas y Especialista en Educaci\u00f3n,. <img loading=\"lazy\" decoding=\"async\" height=\"16\" width=\"16\" src=\"https:\/\/static.xx.fbcdn.net\/images\/emoji.php\/v9\/t79\/1\/16\/1f469_1f3fb_200d_1f3eb.png\" alt=\"\ud83d\udc69\ud83c\udffb\u200d\ud83c\udfeb\"><img loading=\"lazy\" decoding=\"async\" height=\"16\" width=\"16\" src=\"https:\/\/static.xx.fbcdn.net\/images\/emoji.php\/v9\/t49\/1\/16\/1f4da.png\" alt=\"\ud83d\udcda\"><\/p>\n\n\n\n<p>Agradecemos enormemente a todos los participantes por su inter\u00e9s, compromiso y entusiasmo por aprender. Tambi\u00e9n extendemos un agradecimiento especial al Colegio de la Ciudad por brindarnos el espacio para este <a><\/a>evento y por su valiosa colaboraci\u00f3n en la organizaci\u00f3n.<\/p>\n\n\n\n<figure class=\"wp-block-gallery has-nested-images columns-default is-cropped wp-block-gallery-1 is-layout-flex wp-block-gallery-is-layout-flex\">\n<figure class=\"wp-block-image size-large\"><img loading=\"lazy\" decoding=\"async\" width=\"1024\" height=\"768\" data-id=\"372\" src=\"https:\/\/fundacionlibremente.org.ar\/wp-content\/uploads\/2025\/02\/449644540_1261943215178506_848173301731651561_n-1024x768.jpg\" alt=\"\" class=\"wp-image-372\" srcset=\"https:\/\/fundacionlibremente.org.ar\/wp-content\/uploads\/2025\/02\/449644540_1261943215178506_848173301731651561_n-1024x768.jpg 1024w, https:\/\/fundacionlibremente.org.ar\/wp-content\/uploads\/2025\/02\/449644540_1261943215178506_848173301731651561_n-300x225.jpg 300w, https:\/\/fundacionlibremente.org.ar\/wp-content\/uploads\/2025\/02\/449644540_1261943215178506_848173301731651561_n-768x576.jpg 768w, https:\/\/fundacionlibremente.org.ar\/wp-content\/uploads\/2025\/02\/449644540_1261943215178506_848173301731651561_n.jpg 1440w\" sizes=\"auto, (max-width: 1024px) 100vw, 1024px\" \/><\/figure>\n\n\n\n<figure class=\"wp-block-image size-large\"><img loading=\"lazy\" decoding=\"async\" width=\"1024\" height=\"768\" data-id=\"374\" src=\"https:\/\/fundacionlibremente.org.ar\/wp-content\/uploads\/2025\/02\/449516922_1261943255178502_2242777626878178252_n-1024x768.jpg\" alt=\"\" class=\"wp-image-374\" srcset=\"https:\/\/fundacionlibremente.org.ar\/wp-content\/uploads\/2025\/02\/449516922_1261943255178502_2242777626878178252_n-1024x768.jpg 1024w, https:\/\/fundacionlibremente.org.ar\/wp-content\/uploads\/2025\/02\/449516922_1261943255178502_2242777626878178252_n-300x225.jpg 300w, https:\/\/fundacionlibremente.org.ar\/wp-content\/uploads\/2025\/02\/449516922_1261943255178502_2242777626878178252_n-768x576.jpg 768w, https:\/\/fundacionlibremente.org.ar\/wp-content\/uploads\/2025\/02\/449516922_1261943255178502_2242777626878178252_n.jpg 1440w\" sizes=\"auto, (max-width: 1024px) 100vw, 1024px\" \/><\/figure>\n\n\n\n<figure class=\"wp-block-image size-large\"><img loading=\"lazy\" decoding=\"async\" width=\"1024\" height=\"768\" data-id=\"371\" src=\"https:\/\/fundacionlibremente.org.ar\/wp-content\/uploads\/2025\/02\/449510851_1261943251845169_2894775366995082820_n-1024x768.jpg\" alt=\"\" class=\"wp-image-371\" srcset=\"https:\/\/fundacionlibremente.org.ar\/wp-content\/uploads\/2025\/02\/449510851_1261943251845169_2894775366995082820_n-1024x768.jpg 1024w, https:\/\/fundacionlibremente.org.ar\/wp-content\/uploads\/2025\/02\/449510851_1261943251845169_2894775366995082820_n-300x225.jpg 300w, https:\/\/fundacionlibremente.org.ar\/wp-content\/uploads\/2025\/02\/449510851_1261943251845169_2894775366995082820_n-768x576.jpg 768w, https:\/\/fundacionlibremente.org.ar\/wp-content\/uploads\/2025\/02\/449510851_1261943251845169_2894775366995082820_n.jpg 1440w\" sizes=\"auto, (max-width: 1024px) 100vw, 1024px\" \/><\/figure>\n\n\n\n<figure class=\"wp-block-image size-large\"><img loading=\"lazy\" decoding=\"async\" width=\"1024\" height=\"768\" data-id=\"373\" src=\"https:\/\/fundacionlibremente.org.ar\/wp-content\/uploads\/2025\/02\/449644359_1261943258511835_7960459169422692621_n-1024x768.jpg\" alt=\"\" class=\"wp-image-373\" srcset=\"https:\/\/fundacionlibremente.org.ar\/wp-content\/uploads\/2025\/02\/449644359_1261943258511835_7960459169422692621_n-1024x768.jpg 1024w, https:\/\/fundacionlibremente.org.ar\/wp-content\/uploads\/2025\/02\/449644359_1261943258511835_7960459169422692621_n-300x225.jpg 300w, https:\/\/fundacionlibremente.org.ar\/wp-content\/uploads\/2025\/02\/449644359_1261943258511835_7960459169422692621_n-768x576.jpg 768w, https:\/\/fundacionlibremente.org.ar\/wp-content\/uploads\/2025\/02\/449644359_1261943258511835_7960459169422692621_n.jpg 1440w\" sizes=\"auto, (max-width: 1024px) 100vw, 1024px\" \/><\/figure>\n<\/figure>\n","protected":false},"excerpt":{"rendered":"<p>El 29 de junio del 2024, se realiz\u00f3 el taller &#8220;Profesores anal\u00f3gicos en la era digital: el desaf\u00edo de ense\u00f1ar Ciencias Sociales&#8221;, dirigido por la experta Mar\u00eda Cristina G\u00f3mez, Licenciada en Historia, Master en Econom\u00eda y Ciencias Pol\u00edticas y Especialista en Educaci\u00f3n,. Agradecemos enormemente a todos los participantes por su inter\u00e9s, compromiso y entusiasmo por [&hellip;]<\/p>\n","protected":false},"author":2,"featured_media":373,"comment_status":"open","ping_status":"open","sticky":false,"template":"","format":"standard","meta":{"footnotes":""},"categories":[5],"tags":[],"class_list":["post-370","post","type-post","status-publish","format-standard","has-post-thumbnail","hentry","category-actividades"],"_links":{"self":[{"href":"https:\/\/fundacionlibremente.org.ar\/index.php?rest_route=\/wp\/v2\/posts\/370","targetHints":{"allow":["GET"]}}],"collection":[{"href":"https:\/\/fundacionlibremente.org.ar\/index.php?rest_route=\/wp\/v2\/posts"}],"about":[{"href":"https:\/\/fundacionlibremente.org.ar\/index.php?rest_route=\/wp\/v2\/types\/post"}],"author":[{"embeddable":true,"href":"https:\/\/fundacionlibremente.org.ar\/index.php?rest_route=\/wp\/v2\/users\/2"}],"replies":[{"embeddable":true,"href":"https:\/\/fundacionlibremente.org.ar\/index.php?rest_route=%2Fwp%2Fv2%2Fcomments&post=370"}],"version-history":[{"count":1,"href":"https:\/\/fundacionlibremente.org.ar\/index.php?rest_route=\/wp\/v2\/posts\/370\/revisions"}],"predecessor-version":[{"id":375,"href":"https:\/\/fundacionlibremente.org.ar\/index.php?rest_route=\/wp\/v2\/posts\/370\/revisions\/375"}],"wp:featuredmedia":[{"embeddable":true,"href":"https:\/\/fundacionlibremente.org.ar\/index.php?rest_route=\/wp\/v2\/media\/373"}],"wp:attachment":[{"href":"https:\/\/fundacionlibremente.org.ar\/index.php?rest_route=%2Fwp%2Fv2%2Fmedia&parent=370"}],"wp:term":[{"taxonomy":"category","embeddable":true,"href":"https:\/\/fundacionlibremente.org.ar\/index.php?rest_route=%2Fwp%2Fv2%2Fcategories&post=370"},{"taxonomy":"post_tag","embeddable":true,"href":"https:\/\/fundacionlibremente.org.ar\/index.php?rest_route=%2Fwp%2Fv2%2Ftags&post=370"}],"curies":[{"name":"wp","href":"https:\/\/api.w.org\/{rel}","templated":true}]}}