{"id":381,"date":"2024-05-20T15:55:00","date_gmt":"2024-05-20T18:55:00","guid":{"rendered":"https:\/\/fundacionlibremente.org.ar\/?p=381"},"modified":"2025-02-18T15:56:50","modified_gmt":"2025-02-18T18:56:50","slug":"charla-que-es-el-liberalismo-tecnicatura-superior-de-trabajo-social","status":"publish","type":"post","link":"https:\/\/fundacionlibremente.org.ar\/?p=381","title":{"rendered":"Charla \u00bfQu\u00e9 es el Liberalismo?&#8221;: Tecnicatura Superior de Trabajo Social"},"content":{"rendered":"\n<p>Ayer, 20 de mayo del 2024, el Dr. Orlando Litta, presidente de Fundaci\u00f3n LibreMente, ofreci\u00f3 una exposici\u00f3n sobre &#8220;\u00bfQu\u00e9 es el Liberalismo?&#8221; a los alumnos de la Tecnicatura Superior de Trabajo Social. Esta charla form\u00f3 parte del ciclo inter c\u00e1tedras organizado por la &#8220;Escuela Diocesana de Servicio Social&#8221;.<\/p>\n\n\n\n<p><img loading=\"lazy\" decoding=\"async\" height=\"16\" width=\"16\" alt=\"\ud83d\ude4c\ud83c\udffb\" src=\"https:\/\/static.xx.fbcdn.net\/images\/emoji.php\/v9\/tb8\/1\/16\/1f64c_1f3fb.png\"> Agradecemos la invitaci\u00f3n y la coordinaci\u00f3n del Profesor Sebasti\u00e1n Arias, as\u00ed como a la Escuela Diocesana. \u00a1Gracias por permitirnos ser parte de este enriquecedor espacio de <a><\/a>aprendizaje y reflexi\u00f3n!<\/p>\n\n\n\n<figure class=\"wp-block-gallery has-nested-images columns-default is-cropped wp-block-gallery-1 is-layout-flex wp-block-gallery-is-layout-flex\">\n<figure class=\"wp-block-image size-large\"><img loading=\"lazy\" decoding=\"async\" width=\"1024\" height=\"768\" data-id=\"382\" src=\"https:\/\/fundacionlibremente.org.ar\/wp-content\/uploads\/2025\/02\/445170048_1235109741195187_6180788152713312880_n-1024x768.jpg\" alt=\"\" class=\"wp-image-382\" srcset=\"https:\/\/fundacionlibremente.org.ar\/wp-content\/uploads\/2025\/02\/445170048_1235109741195187_6180788152713312880_n-1024x768.jpg 1024w, https:\/\/fundacionlibremente.org.ar\/wp-content\/uploads\/2025\/02\/445170048_1235109741195187_6180788152713312880_n-300x225.jpg 300w, https:\/\/fundacionlibremente.org.ar\/wp-content\/uploads\/2025\/02\/445170048_1235109741195187_6180788152713312880_n-768x576.jpg 768w, https:\/\/fundacionlibremente.org.ar\/wp-content\/uploads\/2025\/02\/445170048_1235109741195187_6180788152713312880_n.jpg 1440w\" sizes=\"auto, (max-width: 1024px) 100vw, 1024px\" \/><\/figure>\n\n\n\n<figure class=\"wp-block-image size-large\"><img loading=\"lazy\" decoding=\"async\" width=\"1024\" height=\"768\" data-id=\"383\" src=\"https:\/\/fundacionlibremente.org.ar\/wp-content\/uploads\/2025\/02\/445034299_1235109731195188_4165536405689197844_n-1024x768.jpg\" alt=\"\" class=\"wp-image-383\" srcset=\"https:\/\/fundacionlibremente.org.ar\/wp-content\/uploads\/2025\/02\/445034299_1235109731195188_4165536405689197844_n-1024x768.jpg 1024w, https:\/\/fundacionlibremente.org.ar\/wp-content\/uploads\/2025\/02\/445034299_1235109731195188_4165536405689197844_n-300x225.jpg 300w, https:\/\/fundacionlibremente.org.ar\/wp-content\/uploads\/2025\/02\/445034299_1235109731195188_4165536405689197844_n-768x576.jpg 768w, https:\/\/fundacionlibremente.org.ar\/wp-content\/uploads\/2025\/02\/445034299_1235109731195188_4165536405689197844_n.jpg 1440w\" sizes=\"auto, (max-width: 1024px) 100vw, 1024px\" \/><\/figure>\n\n\n\n<figure class=\"wp-block-image size-large\"><img loading=\"lazy\" decoding=\"async\" width=\"1024\" height=\"768\" data-id=\"384\" src=\"https:\/\/fundacionlibremente.org.ar\/wp-content\/uploads\/2025\/02\/445180505_1235109734528521_5505221237898082619_n-1024x768.jpg\" alt=\"\" class=\"wp-image-384\" srcset=\"https:\/\/fundacionlibremente.org.ar\/wp-content\/uploads\/2025\/02\/445180505_1235109734528521_5505221237898082619_n-1024x768.jpg 1024w, https:\/\/fundacionlibremente.org.ar\/wp-content\/uploads\/2025\/02\/445180505_1235109734528521_5505221237898082619_n-300x225.jpg 300w, https:\/\/fundacionlibremente.org.ar\/wp-content\/uploads\/2025\/02\/445180505_1235109734528521_5505221237898082619_n-768x576.jpg 768w, https:\/\/fundacionlibremente.org.ar\/wp-content\/uploads\/2025\/02\/445180505_1235109734528521_5505221237898082619_n.jpg 1440w\" sizes=\"auto, (max-width: 1024px) 100vw, 1024px\" \/><\/figure>\n<\/figure>\n","protected":false},"excerpt":{"rendered":"<p>Ayer, 20 de mayo del 2024, el Dr. Orlando Litta, presidente de Fundaci\u00f3n LibreMente, ofreci\u00f3 una exposici\u00f3n sobre &#8220;\u00bfQu\u00e9 es el Liberalismo?&#8221; a los alumnos de la Tecnicatura Superior de Trabajo Social. Esta charla form\u00f3 parte del ciclo inter c\u00e1tedras organizado por la &#8220;Escuela Diocesana de Servicio Social&#8221;. Agradecemos la invitaci\u00f3n y la coordinaci\u00f3n del [&hellip;]<\/p>\n","protected":false},"author":2,"featured_media":383,"comment_status":"open","ping_status":"open","sticky":false,"template":"","format":"standard","meta":{"footnotes":""},"categories":[5],"tags":[],"class_list":["post-381","post","type-post","status-publish","format-standard","has-post-thumbnail","hentry","category-actividades"],"_links":{"self":[{"href":"https:\/\/fundacionlibremente.org.ar\/index.php?rest_route=\/wp\/v2\/posts\/381","targetHints":{"allow":["GET"]}}],"collection":[{"href":"https:\/\/fundacionlibremente.org.ar\/index.php?rest_route=\/wp\/v2\/posts"}],"about":[{"href":"https:\/\/fundacionlibremente.org.ar\/index.php?rest_route=\/wp\/v2\/types\/post"}],"author":[{"embeddable":true,"href":"https:\/\/fundacionlibremente.org.ar\/index.php?rest_route=\/wp\/v2\/users\/2"}],"replies":[{"embeddable":true,"href":"https:\/\/fundacionlibremente.org.ar\/index.php?rest_route=%2Fwp%2Fv2%2Fcomments&post=381"}],"version-history":[{"count":1,"href":"https:\/\/fundacionlibremente.org.ar\/index.php?rest_route=\/wp\/v2\/posts\/381\/revisions"}],"predecessor-version":[{"id":385,"href":"https:\/\/fundacionlibremente.org.ar\/index.php?rest_route=\/wp\/v2\/posts\/381\/revisions\/385"}],"wp:featuredmedia":[{"embeddable":true,"href":"https:\/\/fundacionlibremente.org.ar\/index.php?rest_route=\/wp\/v2\/media\/383"}],"wp:attachment":[{"href":"https:\/\/fundacionlibremente.org.ar\/index.php?rest_route=%2Fwp%2Fv2%2Fmedia&parent=381"}],"wp:term":[{"taxonomy":"category","embeddable":true,"href":"https:\/\/fundacionlibremente.org.ar\/index.php?rest_route=%2Fwp%2Fv2%2Fcategories&post=381"},{"taxonomy":"post_tag","embeddable":true,"href":"https:\/\/fundacionlibremente.org.ar\/index.php?rest_route=%2Fwp%2Fv2%2Ftags&post=381"}],"curies":[{"name":"wp","href":"https:\/\/api.w.org\/{rel}","templated":true}]}}