{"id":386,"date":"2024-05-16T15:57:00","date_gmt":"2024-05-16T18:57:00","guid":{"rendered":"https:\/\/fundacionlibremente.org.ar\/?p=386"},"modified":"2025-02-18T16:00:55","modified_gmt":"2025-02-18T19:00:55","slug":"presentacion-del-libro-notas-pensadas-en-y-para-la-libertad-por-orlando-litta","status":"publish","type":"post","link":"https:\/\/fundacionlibremente.org.ar\/?p=386","title":{"rendered":"Presentaci\u00f3n del libro &#8220;Notas Pensadas en y para la Libertad&#8221; por Orlando Litta,"},"content":{"rendered":"\n<p>\u00a1El pasado jueves 16 de mayo del 2024 se llev\u00f3 a cabo la presentaci\u00f3n del libro &#8220;Notas Pensadas en y para la Libertad&#8221; del Dr. Orlando Litta, presidente de Fundaci\u00f3n LibreMente! <img loading=\"lazy\" decoding=\"async\" height=\"16\" width=\"16\" src=\"https:\/\/static.xx.fbcdn.net\/images\/emoji.php\/v9\/t49\/1\/16\/1f4da.png\" alt=\"\ud83d\udcda\"><img loading=\"lazy\" decoding=\"async\" height=\"16\" width=\"16\" src=\"https:\/\/static.xx.fbcdn.net\/images\/emoji.php\/v9\/tf4\/1\/16\/2728.png\" alt=\"\u2728\"><\/p>\n\n\n\n<p>En su libro, Orlando recopila todas sus notas escritas desde el a\u00f1o 2008 hasta el presente a\u00f1o, abordando una amplia gama de temas que van desde los desaf\u00edos culturales de las nuevas generaciones hasta la importancia crucial de la educaci\u00f3n, pasando por el an\u00e1lisis del Estado argentino, los efectos <a><\/a>nocivos del populismo y, sobre todo, el valor fundamental de la Libertad para el desarrollo cultural y el crecimiento intelectual individual.<\/p>\n\n\n\n<p>Agradecemos enormemente la asistencia y la participaci\u00f3n activa del p\u00fablico.<\/p>\n\n\n\n<figure class=\"wp-block-image size-large\"><img loading=\"lazy\" decoding=\"async\" width=\"1024\" height=\"730\" src=\"https:\/\/fundacionlibremente.org.ar\/wp-content\/uploads\/2025\/02\/443715849_1233040924735402_3073895781089795024_n-1024x730.jpg\" alt=\"\" class=\"wp-image-387\" srcset=\"https:\/\/fundacionlibremente.org.ar\/wp-content\/uploads\/2025\/02\/443715849_1233040924735402_3073895781089795024_n-1024x730.jpg 1024w, https:\/\/fundacionlibremente.org.ar\/wp-content\/uploads\/2025\/02\/443715849_1233040924735402_3073895781089795024_n-300x214.jpg 300w, https:\/\/fundacionlibremente.org.ar\/wp-content\/uploads\/2025\/02\/443715849_1233040924735402_3073895781089795024_n-768x547.jpg 768w, https:\/\/fundacionlibremente.org.ar\/wp-content\/uploads\/2025\/02\/443715849_1233040924735402_3073895781089795024_n.jpg 1402w\" sizes=\"auto, (max-width: 1024px) 100vw, 1024px\" \/><\/figure>\n\n\n\n<figure class=\"wp-block-gallery has-nested-images columns-default is-cropped wp-block-gallery-1 is-layout-flex wp-block-gallery-is-layout-flex\">\n<figure class=\"wp-block-image size-large\"><img loading=\"lazy\" decoding=\"async\" width=\"1024\" height=\"730\" data-id=\"391\" src=\"https:\/\/fundacionlibremente.org.ar\/wp-content\/uploads\/2025\/02\/444456882_1233040948068733_8803948330405030516_n-1024x730.jpg\" alt=\"\" class=\"wp-image-391\" srcset=\"https:\/\/fundacionlibremente.org.ar\/wp-content\/uploads\/2025\/02\/444456882_1233040948068733_8803948330405030516_n-1024x730.jpg 1024w, https:\/\/fundacionlibremente.org.ar\/wp-content\/uploads\/2025\/02\/444456882_1233040948068733_8803948330405030516_n-300x214.jpg 300w, https:\/\/fundacionlibremente.org.ar\/wp-content\/uploads\/2025\/02\/444456882_1233040948068733_8803948330405030516_n-768x548.jpg 768w, https:\/\/fundacionlibremente.org.ar\/wp-content\/uploads\/2025\/02\/444456882_1233040948068733_8803948330405030516_n.jpg 1280w\" sizes=\"auto, (max-width: 1024px) 100vw, 1024px\" \/><\/figure>\n\n\n\n<figure class=\"wp-block-image size-large\"><img loading=\"lazy\" decoding=\"async\" width=\"1024\" height=\"730\" data-id=\"388\" src=\"https:\/\/fundacionlibremente.org.ar\/wp-content\/uploads\/2025\/02\/443861456_1233040938068734_1889820858200986049_n-1024x730.jpg\" alt=\"\" class=\"wp-image-388\" srcset=\"https:\/\/fundacionlibremente.org.ar\/wp-content\/uploads\/2025\/02\/443861456_1233040938068734_1889820858200986049_n-1024x730.jpg 1024w, https:\/\/fundacionlibremente.org.ar\/wp-content\/uploads\/2025\/02\/443861456_1233040938068734_1889820858200986049_n-300x214.jpg 300w, https:\/\/fundacionlibremente.org.ar\/wp-content\/uploads\/2025\/02\/443861456_1233040938068734_1889820858200986049_n-768x547.jpg 768w, https:\/\/fundacionlibremente.org.ar\/wp-content\/uploads\/2025\/02\/443861456_1233040938068734_1889820858200986049_n.jpg 1403w\" sizes=\"auto, (max-width: 1024px) 100vw, 1024px\" \/><\/figure>\n\n\n\n<figure class=\"wp-block-image size-large\"><img loading=\"lazy\" decoding=\"async\" width=\"1024\" height=\"730\" data-id=\"390\" src=\"https:\/\/fundacionlibremente.org.ar\/wp-content\/uploads\/2025\/02\/443698786_1233040928068735_1748916668878547994_n-1024x730.jpg\" alt=\"\" class=\"wp-image-390\" srcset=\"https:\/\/fundacionlibremente.org.ar\/wp-content\/uploads\/2025\/02\/443698786_1233040928068735_1748916668878547994_n-1024x730.jpg 1024w, https:\/\/fundacionlibremente.org.ar\/wp-content\/uploads\/2025\/02\/443698786_1233040928068735_1748916668878547994_n-300x214.jpg 300w, https:\/\/fundacionlibremente.org.ar\/wp-content\/uploads\/2025\/02\/443698786_1233040928068735_1748916668878547994_n-768x548.jpg 768w, https:\/\/fundacionlibremente.org.ar\/wp-content\/uploads\/2025\/02\/443698786_1233040928068735_1748916668878547994_n.jpg 1280w\" sizes=\"auto, (max-width: 1024px) 100vw, 1024px\" \/><\/figure>\n\n\n\n<figure class=\"wp-block-image size-large\"><img loading=\"lazy\" decoding=\"async\" width=\"1024\" height=\"730\" data-id=\"389\" src=\"https:\/\/fundacionlibremente.org.ar\/wp-content\/uploads\/2025\/02\/436405833_1233040941402067_1179700189438935382_n-1024x730.jpg\" alt=\"\" class=\"wp-image-389\" srcset=\"https:\/\/fundacionlibremente.org.ar\/wp-content\/uploads\/2025\/02\/436405833_1233040941402067_1179700189438935382_n-1024x730.jpg 1024w, https:\/\/fundacionlibremente.org.ar\/wp-content\/uploads\/2025\/02\/436405833_1233040941402067_1179700189438935382_n-300x214.jpg 300w, https:\/\/fundacionlibremente.org.ar\/wp-content\/uploads\/2025\/02\/436405833_1233040941402067_1179700189438935382_n-768x548.jpg 768w, https:\/\/fundacionlibremente.org.ar\/wp-content\/uploads\/2025\/02\/436405833_1233040941402067_1179700189438935382_n.jpg 1280w\" sizes=\"auto, (max-width: 1024px) 100vw, 1024px\" \/><\/figure>\n<\/figure>\n\n\n\n<figure class=\"wp-block-gallery has-nested-images columns-default is-cropped wp-block-gallery-2 is-layout-flex wp-block-gallery-is-layout-flex\">\n<figure class=\"wp-block-image size-large\"><img loading=\"lazy\" decoding=\"async\" width=\"1024\" height=\"730\" data-id=\"392\" src=\"https:\/\/fundacionlibremente.org.ar\/wp-content\/uploads\/2025\/02\/443713600_1233040918068736_1957727273249331660_n-1-1024x730.jpg\" alt=\"\" class=\"wp-image-392\" srcset=\"https:\/\/fundacionlibremente.org.ar\/wp-content\/uploads\/2025\/02\/443713600_1233040918068736_1957727273249331660_n-1-1024x730.jpg 1024w, https:\/\/fundacionlibremente.org.ar\/wp-content\/uploads\/2025\/02\/443713600_1233040918068736_1957727273249331660_n-1-300x214.jpg 300w, https:\/\/fundacionlibremente.org.ar\/wp-content\/uploads\/2025\/02\/443713600_1233040918068736_1957727273249331660_n-1-768x547.jpg 768w, https:\/\/fundacionlibremente.org.ar\/wp-content\/uploads\/2025\/02\/443713600_1233040918068736_1957727273249331660_n-1.jpg 1280w\" sizes=\"auto, (max-width: 1024px) 100vw, 1024px\" \/><\/figure>\n<\/figure>\n","protected":false},"excerpt":{"rendered":"<p>\u00a1El pasado jueves 16 de mayo del 2024 se llev\u00f3 a cabo la presentaci\u00f3n del libro &#8220;Notas Pensadas en y para la Libertad&#8221; del Dr. Orlando Litta, presidente de Fundaci\u00f3n LibreMente! En su libro, Orlando recopila todas sus notas escritas desde el a\u00f1o 2008 hasta el presente a\u00f1o, abordando una amplia gama de temas que [&hellip;]<\/p>\n","protected":false},"author":2,"featured_media":392,"comment_status":"open","ping_status":"open","sticky":false,"template":"","format":"standard","meta":{"footnotes":""},"categories":[5],"tags":[],"class_list":["post-386","post","type-post","status-publish","format-standard","has-post-thumbnail","hentry","category-actividades"],"_links":{"self":[{"href":"https:\/\/fundacionlibremente.org.ar\/index.php?rest_route=\/wp\/v2\/posts\/386","targetHints":{"allow":["GET"]}}],"collection":[{"href":"https:\/\/fundacionlibremente.org.ar\/index.php?rest_route=\/wp\/v2\/posts"}],"about":[{"href":"https:\/\/fundacionlibremente.org.ar\/index.php?rest_route=\/wp\/v2\/types\/post"}],"author":[{"embeddable":true,"href":"https:\/\/fundacionlibremente.org.ar\/index.php?rest_route=\/wp\/v2\/users\/2"}],"replies":[{"embeddable":true,"href":"https:\/\/fundacionlibremente.org.ar\/index.php?rest_route=%2Fwp%2Fv2%2Fcomments&post=386"}],"version-history":[{"count":1,"href":"https:\/\/fundacionlibremente.org.ar\/index.php?rest_route=\/wp\/v2\/posts\/386\/revisions"}],"predecessor-version":[{"id":393,"href":"https:\/\/fundacionlibremente.org.ar\/index.php?rest_route=\/wp\/v2\/posts\/386\/revisions\/393"}],"wp:featuredmedia":[{"embeddable":true,"href":"https:\/\/fundacionlibremente.org.ar\/index.php?rest_route=\/wp\/v2\/media\/392"}],"wp:attachment":[{"href":"https:\/\/fundacionlibremente.org.ar\/index.php?rest_route=%2Fwp%2Fv2%2Fmedia&parent=386"}],"wp:term":[{"taxonomy":"category","embeddable":true,"href":"https:\/\/fundacionlibremente.org.ar\/index.php?rest_route=%2Fwp%2Fv2%2Fcategories&post=386"},{"taxonomy":"post_tag","embeddable":true,"href":"https:\/\/fundacionlibremente.org.ar\/index.php?rest_route=%2Fwp%2Fv2%2Ftags&post=386"}],"curies":[{"name":"wp","href":"https:\/\/api.w.org\/{rel}","templated":true}]}}