{"id":412,"date":"2024-04-18T16:06:00","date_gmt":"2024-04-18T19:06:00","guid":{"rendered":"https:\/\/fundacionlibremente.org.ar\/?p=412"},"modified":"2025-02-18T16:07:58","modified_gmt":"2025-02-18T19:07:58","slug":"evento-la-argentina-y-el-sistema-fiscal-mas-gravoso-del-mundo-una-propuesta-como-salida","status":"publish","type":"post","link":"https:\/\/fundacionlibremente.org.ar\/?p=412","title":{"rendered":"Evento \u201cLa Argentina y el Sistema Fiscal m\u00e1s gravoso del mundo. Una propuesta como salida\u201d"},"content":{"rendered":"\n<p>El d\u00eda de ayer, jueves 18 de abril del 2024, se llev\u00f3 a cabo el evento \u201cLa Argentina y el Sistema Fiscal m\u00e1s gravoso del mundo. Una propuesta como salida\u201d, tuvimos el honor de contar con la exposici\u00f3n de Mat\u00edas Olivero Vila, Presidente de ONG L\u00f3gica, abogado y contador, junto a Santiago Saenz Valiente, contador e integrante destacado de ONG L\u00f3gica. <img loading=\"lazy\" decoding=\"async\" height=\"16\" width=\"16\" src=\"https:\/\/static.xx.fbcdn.net\/images\/emoji.php\/v9\/td\/1\/16\/1f4bc.png\" alt=\"\ud83d\udcbc\"><\/p>\n\n\n\n<p>Ambos expertos ofrecieron una presentaci\u00f3n excelente, concientizando al p\u00fablico sobre la desinformaci\u00f3n en torno al sistema fiscal y <a><\/a>los desaf\u00edos que enfrentamos al tener la carga fiscal m\u00e1s alta del mundo. <img loading=\"lazy\" decoding=\"async\" height=\"16\" width=\"16\" alt=\"\ud83d\udce3\" src=\"https:\/\/static.xx.fbcdn.net\/images\/emoji.php\/v9\/tba\/1\/16\/1f4e3.png\"><img loading=\"lazy\" decoding=\"async\" height=\"16\" width=\"16\" alt=\"\ud83c\udf0d\" src=\"https:\/\/static.xx.fbcdn.net\/images\/emoji.php\/v9\/t3f\/1\/16\/1f30d.png\"><\/p>\n\n\n\n<p>Agradecemos profundamente la participaci\u00f3n y asistencia de todos los presentes. Sigamos trabajando juntos para construir un futuro fiscal transparente y justo.<\/p>\n\n\n\n<figure class=\"wp-block-gallery has-nested-images columns-default is-cropped wp-block-gallery-1 is-layout-flex wp-block-gallery-is-layout-flex\">\n<figure class=\"wp-block-image size-large\"><img loading=\"lazy\" decoding=\"async\" width=\"1024\" height=\"768\" data-id=\"415\" src=\"https:\/\/fundacionlibremente.org.ar\/wp-content\/uploads\/2025\/02\/439273402_1212575873448574_3448774197749380915_n-1-1024x768.jpg\" alt=\"\" class=\"wp-image-415\" srcset=\"https:\/\/fundacionlibremente.org.ar\/wp-content\/uploads\/2025\/02\/439273402_1212575873448574_3448774197749380915_n-1-1024x768.jpg 1024w, https:\/\/fundacionlibremente.org.ar\/wp-content\/uploads\/2025\/02\/439273402_1212575873448574_3448774197749380915_n-1-300x225.jpg 300w, https:\/\/fundacionlibremente.org.ar\/wp-content\/uploads\/2025\/02\/439273402_1212575873448574_3448774197749380915_n-1-768x576.jpg 768w, https:\/\/fundacionlibremente.org.ar\/wp-content\/uploads\/2025\/02\/439273402_1212575873448574_3448774197749380915_n-1.jpg 1440w\" sizes=\"auto, (max-width: 1024px) 100vw, 1024px\" \/><\/figure>\n\n\n\n<figure class=\"wp-block-image size-large\"><img loading=\"lazy\" decoding=\"async\" width=\"1024\" height=\"768\" data-id=\"418\" src=\"https:\/\/fundacionlibremente.org.ar\/wp-content\/uploads\/2025\/02\/439231612_1212575863448575_7309359509317024408_n-1024x768.jpg\" alt=\"\" class=\"wp-image-418\" srcset=\"https:\/\/fundacionlibremente.org.ar\/wp-content\/uploads\/2025\/02\/439231612_1212575863448575_7309359509317024408_n-1024x768.jpg 1024w, https:\/\/fundacionlibremente.org.ar\/wp-content\/uploads\/2025\/02\/439231612_1212575863448575_7309359509317024408_n-300x225.jpg 300w, https:\/\/fundacionlibremente.org.ar\/wp-content\/uploads\/2025\/02\/439231612_1212575863448575_7309359509317024408_n-768x576.jpg 768w, https:\/\/fundacionlibremente.org.ar\/wp-content\/uploads\/2025\/02\/439231612_1212575863448575_7309359509317024408_n.jpg 1440w\" sizes=\"auto, (max-width: 1024px) 100vw, 1024px\" \/><\/figure>\n\n\n\n<figure class=\"wp-block-image size-large\"><img loading=\"lazy\" decoding=\"async\" width=\"1024\" height=\"768\" data-id=\"416\" src=\"https:\/\/fundacionlibremente.org.ar\/wp-content\/uploads\/2025\/02\/424550816_1212575856781909_3543232568130153252_n-1024x768.jpg\" alt=\"\" class=\"wp-image-416\" srcset=\"https:\/\/fundacionlibremente.org.ar\/wp-content\/uploads\/2025\/02\/424550816_1212575856781909_3543232568130153252_n-1024x768.jpg 1024w, https:\/\/fundacionlibremente.org.ar\/wp-content\/uploads\/2025\/02\/424550816_1212575856781909_3543232568130153252_n-300x225.jpg 300w, https:\/\/fundacionlibremente.org.ar\/wp-content\/uploads\/2025\/02\/424550816_1212575856781909_3543232568130153252_n-768x576.jpg 768w, https:\/\/fundacionlibremente.org.ar\/wp-content\/uploads\/2025\/02\/424550816_1212575856781909_3543232568130153252_n.jpg 1440w\" sizes=\"auto, (max-width: 1024px) 100vw, 1024px\" \/><\/figure>\n\n\n\n<figure class=\"wp-block-image size-large\"><img loading=\"lazy\" decoding=\"async\" width=\"1024\" height=\"768\" data-id=\"414\" src=\"https:\/\/fundacionlibremente.org.ar\/wp-content\/uploads\/2025\/02\/439311127_1212575876781907_2584968746220267319_n-1024x768.jpg\" alt=\"\" class=\"wp-image-414\" srcset=\"https:\/\/fundacionlibremente.org.ar\/wp-content\/uploads\/2025\/02\/439311127_1212575876781907_2584968746220267319_n-1024x768.jpg 1024w, https:\/\/fundacionlibremente.org.ar\/wp-content\/uploads\/2025\/02\/439311127_1212575876781907_2584968746220267319_n-300x225.jpg 300w, https:\/\/fundacionlibremente.org.ar\/wp-content\/uploads\/2025\/02\/439311127_1212575876781907_2584968746220267319_n-768x576.jpg 768w, https:\/\/fundacionlibremente.org.ar\/wp-content\/uploads\/2025\/02\/439311127_1212575876781907_2584968746220267319_n.jpg 1440w\" sizes=\"auto, (max-width: 1024px) 100vw, 1024px\" \/><\/figure>\n\n\n\n<figure class=\"wp-block-image size-large\"><img loading=\"lazy\" decoding=\"async\" width=\"1024\" height=\"768\" data-id=\"417\" src=\"https:\/\/fundacionlibremente.org.ar\/wp-content\/uploads\/2025\/02\/439110855_1212575880115240_6053024528620430653_n-1024x768.jpg\" alt=\"\" class=\"wp-image-417\" srcset=\"https:\/\/fundacionlibremente.org.ar\/wp-content\/uploads\/2025\/02\/439110855_1212575880115240_6053024528620430653_n-1024x768.jpg 1024w, https:\/\/fundacionlibremente.org.ar\/wp-content\/uploads\/2025\/02\/439110855_1212575880115240_6053024528620430653_n-300x225.jpg 300w, https:\/\/fundacionlibremente.org.ar\/wp-content\/uploads\/2025\/02\/439110855_1212575880115240_6053024528620430653_n-768x576.jpg 768w, https:\/\/fundacionlibremente.org.ar\/wp-content\/uploads\/2025\/02\/439110855_1212575880115240_6053024528620430653_n.jpg 1440w\" sizes=\"auto, (max-width: 1024px) 100vw, 1024px\" \/><\/figure>\n\n\n\n<figure class=\"wp-block-image size-large\"><img loading=\"lazy\" decoding=\"async\" width=\"1024\" height=\"768\" data-id=\"413\" src=\"https:\/\/fundacionlibremente.org.ar\/wp-content\/uploads\/2025\/02\/439249498_1212575886781906_4163358205829535536_n-1024x768.jpg\" alt=\"\" class=\"wp-image-413\" srcset=\"https:\/\/fundacionlibremente.org.ar\/wp-content\/uploads\/2025\/02\/439249498_1212575886781906_4163358205829535536_n-1024x768.jpg 1024w, https:\/\/fundacionlibremente.org.ar\/wp-content\/uploads\/2025\/02\/439249498_1212575886781906_4163358205829535536_n-300x225.jpg 300w, https:\/\/fundacionlibremente.org.ar\/wp-content\/uploads\/2025\/02\/439249498_1212575886781906_4163358205829535536_n-768x576.jpg 768w, https:\/\/fundacionlibremente.org.ar\/wp-content\/uploads\/2025\/02\/439249498_1212575886781906_4163358205829535536_n.jpg 1440w\" sizes=\"auto, (max-width: 1024px) 100vw, 1024px\" \/><\/figure>\n\n\n\n<figure class=\"wp-block-image size-large\"><img loading=\"lazy\" decoding=\"async\" width=\"1024\" height=\"768\" data-id=\"419\" src=\"https:\/\/fundacionlibremente.org.ar\/wp-content\/uploads\/2025\/02\/439273402_1212575873448574_3448774197749380915_n-1024x768.jpg\" alt=\"\" class=\"wp-image-419\" srcset=\"https:\/\/fundacionlibremente.org.ar\/wp-content\/uploads\/2025\/02\/439273402_1212575873448574_3448774197749380915_n-1024x768.jpg 1024w, https:\/\/fundacionlibremente.org.ar\/wp-content\/uploads\/2025\/02\/439273402_1212575873448574_3448774197749380915_n-300x225.jpg 300w, https:\/\/fundacionlibremente.org.ar\/wp-content\/uploads\/2025\/02\/439273402_1212575873448574_3448774197749380915_n-768x576.jpg 768w, https:\/\/fundacionlibremente.org.ar\/wp-content\/uploads\/2025\/02\/439273402_1212575873448574_3448774197749380915_n.jpg 1440w\" sizes=\"auto, (max-width: 1024px) 100vw, 1024px\" \/><\/figure>\n<\/figure>\n","protected":false},"excerpt":{"rendered":"<p>El d\u00eda de ayer, jueves 18 de abril del 2024, se llev\u00f3 a cabo el evento \u201cLa Argentina y el Sistema Fiscal m\u00e1s gravoso del mundo. Una propuesta como salida\u201d, tuvimos el honor de contar con la exposici\u00f3n de Mat\u00edas Olivero Vila, Presidente de ONG L\u00f3gica, abogado y contador, junto a Santiago Saenz Valiente, contador [&hellip;]<\/p>\n","protected":false},"author":2,"featured_media":416,"comment_status":"open","ping_status":"open","sticky":false,"template":"","format":"standard","meta":{"footnotes":""},"categories":[5],"tags":[],"class_list":["post-412","post","type-post","status-publish","format-standard","has-post-thumbnail","hentry","category-actividades"],"_links":{"self":[{"href":"https:\/\/fundacionlibremente.org.ar\/index.php?rest_route=\/wp\/v2\/posts\/412","targetHints":{"allow":["GET"]}}],"collection":[{"href":"https:\/\/fundacionlibremente.org.ar\/index.php?rest_route=\/wp\/v2\/posts"}],"about":[{"href":"https:\/\/fundacionlibremente.org.ar\/index.php?rest_route=\/wp\/v2\/types\/post"}],"author":[{"embeddable":true,"href":"https:\/\/fundacionlibremente.org.ar\/index.php?rest_route=\/wp\/v2\/users\/2"}],"replies":[{"embeddable":true,"href":"https:\/\/fundacionlibremente.org.ar\/index.php?rest_route=%2Fwp%2Fv2%2Fcomments&post=412"}],"version-history":[{"count":1,"href":"https:\/\/fundacionlibremente.org.ar\/index.php?rest_route=\/wp\/v2\/posts\/412\/revisions"}],"predecessor-version":[{"id":420,"href":"https:\/\/fundacionlibremente.org.ar\/index.php?rest_route=\/wp\/v2\/posts\/412\/revisions\/420"}],"wp:featuredmedia":[{"embeddable":true,"href":"https:\/\/fundacionlibremente.org.ar\/index.php?rest_route=\/wp\/v2\/media\/416"}],"wp:attachment":[{"href":"https:\/\/fundacionlibremente.org.ar\/index.php?rest_route=%2Fwp%2Fv2%2Fmedia&parent=412"}],"wp:term":[{"taxonomy":"category","embeddable":true,"href":"https:\/\/fundacionlibremente.org.ar\/index.php?rest_route=%2Fwp%2Fv2%2Fcategories&post=412"},{"taxonomy":"post_tag","embeddable":true,"href":"https:\/\/fundacionlibremente.org.ar\/index.php?rest_route=%2Fwp%2Fv2%2Ftags&post=412"}],"curies":[{"name":"wp","href":"https:\/\/api.w.org\/{rel}","templated":true}]}}