{"id":421,"date":"2024-02-16T16:08:00","date_gmt":"2024-02-16T19:08:00","guid":{"rendered":"https:\/\/fundacionlibremente.org.ar\/?p=421"},"modified":"2025-02-18T16:11:05","modified_gmt":"2025-02-18T19:11:05","slug":"taller-fallos-del-mercado-y-economia-publica","status":"publish","type":"post","link":"https:\/\/fundacionlibremente.org.ar\/?p=421","title":{"rendered":"Taller &#8220;Fallos del Mercado y Econom\u00eda P\u00fablica\u201d"},"content":{"rendered":"\n<p>El pasado viernes 16 de febrero del 2024, disfrutamos del taller &#8220;Fallos del Mercado y Econom\u00eda P\u00fablica\u201d dirigido por el profesional Claudio Iglesias, licenciado en Ciencia Pol\u00edtica y m\u00e1ster en Econom\u00eda de Gobierno. <img loading=\"lazy\" decoding=\"async\" height=\"16\" width=\"16\" src=\"https:\/\/static.xx.fbcdn.net\/images\/emoji.php\/v9\/td\/1\/16\/1f4bc.png\" alt=\"\ud83d\udcbc\"><img loading=\"lazy\" decoding=\"async\" height=\"16\" width=\"16\" src=\"https:\/\/static.xx.fbcdn.net\/images\/emoji.php\/v9\/t49\/1\/16\/1f4da.png\" alt=\"\ud83d\udcda\"><\/p>\n\n\n\n<p>Queremos agradecer a todos los participantes por su inter\u00e9s y compromiso en este espacio de aprendizaje. Los valiosos momentos de preguntas y debates contribuyeron a hacer de este taller una experiencia realmente fruct\u00edfera. \u00a1Gracias por formar parte de ello! <img loading=\"lazy\" decoding=\"async\" height=\"16\" width=\"16\" alt=\"\ud83d\ude4c\" src=\"https:\/\/static.xx.fbcdn.net\/images\/emoji.php\/v9\/tfd\/1\/16\/1f64c.png\"><img loading=\"lazy\" decoding=\"async\" height=\"16\" width=\"16\" alt=\"\ud83e\udd1d\" src=\"https:\/\/static.xx.fbcdn.net\/images\/emoji.php\/v9\/t64\/1\/16\/1f91d.png\"><\/p>\n\n\n\n<figure class=\"wp-block-gallery has-nested-images columns-default is-cropped wp-block-gallery-1 is-layout-flex wp-block-gallery-is-layout-flex\">\n<figure class=\"wp-block-image size-large\"><img loading=\"lazy\" decoding=\"async\" width=\"1024\" height=\"768\" data-id=\"422\" src=\"https:\/\/fundacionlibremente.org.ar\/wp-content\/uploads\/2025\/02\/428643829_1171036404269188_3705323172130012872_n-1024x768.jpg\" alt=\"\" class=\"wp-image-422\" srcset=\"https:\/\/fundacionlibremente.org.ar\/wp-content\/uploads\/2025\/02\/428643829_1171036404269188_3705323172130012872_n-1024x768.jpg 1024w, https:\/\/fundacionlibremente.org.ar\/wp-content\/uploads\/2025\/02\/428643829_1171036404269188_3705323172130012872_n-300x225.jpg 300w, https:\/\/fundacionlibremente.org.ar\/wp-content\/uploads\/2025\/02\/428643829_1171036404269188_3705323172130012872_n-768x576.jpg 768w, https:\/\/fundacionlibremente.org.ar\/wp-content\/uploads\/2025\/02\/428643829_1171036404269188_3705323172130012872_n.jpg 1280w\" sizes=\"auto, (max-width: 1024px) 100vw, 1024px\" \/><\/figure>\n\n\n\n<figure class=\"wp-block-image size-large\"><img loading=\"lazy\" decoding=\"async\" width=\"1024\" height=\"769\" data-id=\"424\" src=\"https:\/\/fundacionlibremente.org.ar\/wp-content\/uploads\/2025\/02\/428642511_1171036410935854_2494127078252296549_n-1024x769.jpg\" alt=\"\" class=\"wp-image-424\" srcset=\"https:\/\/fundacionlibremente.org.ar\/wp-content\/uploads\/2025\/02\/428642511_1171036410935854_2494127078252296549_n-1024x769.jpg 1024w, https:\/\/fundacionlibremente.org.ar\/wp-content\/uploads\/2025\/02\/428642511_1171036410935854_2494127078252296549_n-300x225.jpg 300w, https:\/\/fundacionlibremente.org.ar\/wp-content\/uploads\/2025\/02\/428642511_1171036410935854_2494127078252296549_n-768x576.jpg 768w, https:\/\/fundacionlibremente.org.ar\/wp-content\/uploads\/2025\/02\/428642511_1171036410935854_2494127078252296549_n.jpg 1279w\" sizes=\"auto, (max-width: 1024px) 100vw, 1024px\" \/><\/figure>\n\n\n\n<figure class=\"wp-block-image size-large\"><img loading=\"lazy\" decoding=\"async\" width=\"1024\" height=\"768\" data-id=\"426\" src=\"https:\/\/fundacionlibremente.org.ar\/wp-content\/uploads\/2025\/02\/428645623_1171036407602521_2453555781450612710_n-1024x768.jpg\" alt=\"\" class=\"wp-image-426\" srcset=\"https:\/\/fundacionlibremente.org.ar\/wp-content\/uploads\/2025\/02\/428645623_1171036407602521_2453555781450612710_n-1024x768.jpg 1024w, https:\/\/fundacionlibremente.org.ar\/wp-content\/uploads\/2025\/02\/428645623_1171036407602521_2453555781450612710_n-300x225.jpg 300w, https:\/\/fundacionlibremente.org.ar\/wp-content\/uploads\/2025\/02\/428645623_1171036407602521_2453555781450612710_n-768x576.jpg 768w, https:\/\/fundacionlibremente.org.ar\/wp-content\/uploads\/2025\/02\/428645623_1171036407602521_2453555781450612710_n.jpg 1280w\" sizes=\"auto, (max-width: 1024px) 100vw, 1024px\" \/><\/figure>\n\n\n\n<figure class=\"wp-block-image size-large\"><img loading=\"lazy\" decoding=\"async\" width=\"1024\" height=\"768\" data-id=\"423\" src=\"https:\/\/fundacionlibremente.org.ar\/wp-content\/uploads\/2025\/02\/428640924_1171036400935855_2501238745113930271_n-1024x768.jpg\" alt=\"\" class=\"wp-image-423\" srcset=\"https:\/\/fundacionlibremente.org.ar\/wp-content\/uploads\/2025\/02\/428640924_1171036400935855_2501238745113930271_n-1024x768.jpg 1024w, https:\/\/fundacionlibremente.org.ar\/wp-content\/uploads\/2025\/02\/428640924_1171036400935855_2501238745113930271_n-300x225.jpg 300w, https:\/\/fundacionlibremente.org.ar\/wp-content\/uploads\/2025\/02\/428640924_1171036400935855_2501238745113930271_n-768x576.jpg 768w, https:\/\/fundacionlibremente.org.ar\/wp-content\/uploads\/2025\/02\/428640924_1171036400935855_2501238745113930271_n.jpg 1280w\" sizes=\"auto, (max-width: 1024px) 100vw, 1024px\" \/><\/figure>\n\n\n\n<figure class=\"wp-block-image size-large\"><img loading=\"lazy\" decoding=\"async\" width=\"1024\" height=\"768\" data-id=\"425\" src=\"https:\/\/fundacionlibremente.org.ar\/wp-content\/uploads\/2025\/02\/428630905_1171036417602520_2590944867197541263_n-1024x768.jpg\" alt=\"\" class=\"wp-image-425\" srcset=\"https:\/\/fundacionlibremente.org.ar\/wp-content\/uploads\/2025\/02\/428630905_1171036417602520_2590944867197541263_n-1024x768.jpg 1024w, https:\/\/fundacionlibremente.org.ar\/wp-content\/uploads\/2025\/02\/428630905_1171036417602520_2590944867197541263_n-300x225.jpg 300w, https:\/\/fundacionlibremente.org.ar\/wp-content\/uploads\/2025\/02\/428630905_1171036417602520_2590944867197541263_n-768x576.jpg 768w, https:\/\/fundacionlibremente.org.ar\/wp-content\/uploads\/2025\/02\/428630905_1171036417602520_2590944867197541263_n.jpg 1280w\" sizes=\"auto, (max-width: 1024px) 100vw, 1024px\" \/><\/figure>\n<\/figure>\n","protected":false},"excerpt":{"rendered":"<p>El pasado viernes 16 de febrero del 2024, disfrutamos del taller &#8220;Fallos del Mercado y Econom\u00eda P\u00fablica\u201d dirigido por el profesional Claudio Iglesias, licenciado en Ciencia Pol\u00edtica y m\u00e1ster en Econom\u00eda de Gobierno. Queremos agradecer a todos los participantes por su inter\u00e9s y compromiso en este espacio de aprendizaje. Los valiosos momentos de preguntas y [&hellip;]<\/p>\n","protected":false},"author":2,"featured_media":422,"comment_status":"open","ping_status":"open","sticky":false,"template":"","format":"standard","meta":{"footnotes":""},"categories":[5],"tags":[],"class_list":["post-421","post","type-post","status-publish","format-standard","has-post-thumbnail","hentry","category-actividades"],"_links":{"self":[{"href":"https:\/\/fundacionlibremente.org.ar\/index.php?rest_route=\/wp\/v2\/posts\/421","targetHints":{"allow":["GET"]}}],"collection":[{"href":"https:\/\/fundacionlibremente.org.ar\/index.php?rest_route=\/wp\/v2\/posts"}],"about":[{"href":"https:\/\/fundacionlibremente.org.ar\/index.php?rest_route=\/wp\/v2\/types\/post"}],"author":[{"embeddable":true,"href":"https:\/\/fundacionlibremente.org.ar\/index.php?rest_route=\/wp\/v2\/users\/2"}],"replies":[{"embeddable":true,"href":"https:\/\/fundacionlibremente.org.ar\/index.php?rest_route=%2Fwp%2Fv2%2Fcomments&post=421"}],"version-history":[{"count":1,"href":"https:\/\/fundacionlibremente.org.ar\/index.php?rest_route=\/wp\/v2\/posts\/421\/revisions"}],"predecessor-version":[{"id":427,"href":"https:\/\/fundacionlibremente.org.ar\/index.php?rest_route=\/wp\/v2\/posts\/421\/revisions\/427"}],"wp:featuredmedia":[{"embeddable":true,"href":"https:\/\/fundacionlibremente.org.ar\/index.php?rest_route=\/wp\/v2\/media\/422"}],"wp:attachment":[{"href":"https:\/\/fundacionlibremente.org.ar\/index.php?rest_route=%2Fwp%2Fv2%2Fmedia&parent=421"}],"wp:term":[{"taxonomy":"category","embeddable":true,"href":"https:\/\/fundacionlibremente.org.ar\/index.php?rest_route=%2Fwp%2Fv2%2Fcategories&post=421"},{"taxonomy":"post_tag","embeddable":true,"href":"https:\/\/fundacionlibremente.org.ar\/index.php?rest_route=%2Fwp%2Fv2%2Ftags&post=421"}],"curies":[{"name":"wp","href":"https:\/\/api.w.org\/{rel}","templated":true}]}}