{"id":478,"date":"2022-03-28T17:00:00","date_gmt":"2022-03-28T20:00:00","guid":{"rendered":"https:\/\/fundacionlibremente.org.ar\/?p=478"},"modified":"2025-07-15T17:03:15","modified_gmt":"2025-07-15T20:03:15","slug":"reteniendo-el-futuro","status":"publish","type":"post","link":"https:\/\/fundacionlibremente.org.ar\/?p=478","title":{"rendered":"RETENIENDO EL FUTURO"},"content":{"rendered":"\n<p class=\"has-text-align-justify\"> Durante las \u00faltimas d\u00e9cadas nuestro pa\u00eds atraves\u00f3 (y atraviesa) contextos econ\u00f3micos muy complejos. Resulta curioso evidenciar la visi\u00f3n obtusa que pregonan las gestiones ejecutivas, casi en su totalidad, cuando intentan combatir estos conflictos. El rol del Estado se vuelve el de un verdugo; pues la soluci\u00f3n recae en profundizar la carga impositiva y castigar al sector productivo. Perm\u00edtanme notar esto no solo como el resultado de la inoperancia estatal, sino tambi\u00e9n como un problema cultural propio de nuestra sociedad.<\/p>\n\n\n\n<p class=\"has-text-align-justify\">&nbsp;&nbsp;&nbsp;&nbsp;&nbsp;&nbsp;&nbsp;&nbsp;&nbsp;&nbsp;&nbsp; El sector agropecuario produce dos de cada tres d\u00f3lares que ingresan al pa\u00eds, esto se debe a la diversidad presente en el extenso suelo argentino, que permite que m\u00e1s de 250.000 productores desenvuelvan en sus respectivos rubros, un mercado regional e internacional muy din\u00e1mico. Es parad\u00f3jico que quien m\u00e1s produce y ejerce un papel \u201cmesianico\u201d ante tanta deficiencia estatal es a su vez, a quien m\u00e1s se castiga. Mientras las grandes potencias mundiales financian y subsidian la agroindustria, en Argentina se la oprime con exorbitantes impuestos.<\/p>\n\n\n\n<p class=\"has-text-align-justify\">&nbsp;&nbsp;&nbsp;&nbsp;&nbsp;&nbsp;&nbsp;&nbsp;&nbsp;&nbsp;&nbsp; Si rastreamos el origen de las retenciones en nuestra historia, tenemos que remontarnos a la d\u00e9cada de 1860, en donde se las utiliz\u00f3 para financiar las arcas estatales en el contexto de la Guerra del Paraguay. Con el pasar del tiempo, fueron variando respecto a su crecimiento en un v\u00ednculo estrechamente ligado a las estrategias econ\u00f3micas de los gobiernos, y desde hace 20 a\u00f1os se consolidaron en la agenda pol\u00edtica y econ\u00f3mica del pa\u00eds.<\/p>\n\n\n\n<p class=\"has-text-align-justify\">&nbsp;&nbsp;&nbsp;&nbsp;&nbsp;&nbsp;&nbsp;&nbsp;&nbsp;&nbsp;&nbsp; Casi como un ep\u00edlogo de lo vivido en 2008 con el \u201cProyecto de Ley de Retenciones y Creaci\u00f3n del Fondo de Redistribuci\u00f3n Social\u201d, popularmente conocido como \u201cLa resoluci\u00f3n 125\u201d, hoy tenemos nuevamente el conflicto latente.<\/p>\n\n\n\n<p class=\"has-text-align-justify\">&nbsp;&nbsp;&nbsp;&nbsp;&nbsp;&nbsp;&nbsp;&nbsp;&nbsp;&nbsp;&nbsp; M\u00e1s all\u00e1 de los \u201ctractorazos\u201d y manifestaciones que el sector agro propone, es importante dimensionar lo que involucra el paquete completo de retenciones. No solo castiga al productor, sino tambi\u00e9n genera incremento de valores, dificultad para desarrollar nuevos puestos laborales, estancamiento en avances tecnol\u00f3gicos y desabastecimientos en los mercados. Estas medidas <em>retienen <\/em>el futuro de nuestro pa\u00eds. Es un error muy com\u00fan caer en la divisi\u00f3n pol\u00edtica instaurada respecto a pensar al campo y a la ciudad como polos opuestos, por el contrario, los considero adyacentes y retroalimentados. Un mercado flexible se logra con menos impuestos, y para eso es fundamental el involucramiento de la sociedad toda. Como mencion\u00e9 anteriormente, la agroindustria es muy vasta a lo largo y ancho de nuestro territorio, y debemos apostar a ella. Somos ciudadanos de un pa\u00eds que tiene potencialidad para abastecer a m\u00e1s de 400 millones de personas, es fundamental acompa\u00f1ar, secundar y brindar seguridad a este sector de productores.<\/p>\n\n\n\n<p class=\"has-text-align-justify\">&nbsp;&nbsp;&nbsp;&nbsp;&nbsp;&nbsp;&nbsp;&nbsp;&nbsp;&nbsp;&nbsp; Los gobiernos dicen apostar al futuro. En Argentina, ese futuro se forja teniendo a la agroindustria en lo m\u00e1s alto y como motor fundante de progreso.&nbsp;&nbsp;&nbsp;<\/p>\n\n\n\n<p class=\"has-text-align-right\"><em>Francisco Garavaglia, miembro Fundaci\u00f3n LibreMente<\/em>.<\/p>\n","protected":false},"excerpt":{"rendered":"<p>Durante las \u00faltimas d\u00e9cadas nuestro pa\u00eds atraves\u00f3 (y atraviesa) contextos econ\u00f3micos muy complejos. Resulta curioso evidenciar la visi\u00f3n obtusa que pregonan las gestiones ejecutivas, casi en su totalidad, cuando intentan combatir estos conflictos. El rol del Estado se vuelve el de un verdugo; pues la soluci\u00f3n recae en profundizar la carga impositiva y castigar al [&hellip;]<\/p>\n","protected":false},"author":2,"featured_media":479,"comment_status":"open","ping_status":"open","sticky":false,"template":"","format":"standard","meta":{"footnotes":""},"categories":[4],"tags":[8],"class_list":["post-478","post","type-post","status-publish","format-standard","has-post-thumbnail","hentry","category-articulos","tag-jovenes"],"_links":{"self":[{"href":"https:\/\/fundacionlibremente.org.ar\/index.php?rest_route=\/wp\/v2\/posts\/478","targetHints":{"allow":["GET"]}}],"collection":[{"href":"https:\/\/fundacionlibremente.org.ar\/index.php?rest_route=\/wp\/v2\/posts"}],"about":[{"href":"https:\/\/fundacionlibremente.org.ar\/index.php?rest_route=\/wp\/v2\/types\/post"}],"author":[{"embeddable":true,"href":"https:\/\/fundacionlibremente.org.ar\/index.php?rest_route=\/wp\/v2\/users\/2"}],"replies":[{"embeddable":true,"href":"https:\/\/fundacionlibremente.org.ar\/index.php?rest_route=%2Fwp%2Fv2%2Fcomments&post=478"}],"version-history":[{"count":1,"href":"https:\/\/fundacionlibremente.org.ar\/index.php?rest_route=\/wp\/v2\/posts\/478\/revisions"}],"predecessor-version":[{"id":480,"href":"https:\/\/fundacionlibremente.org.ar\/index.php?rest_route=\/wp\/v2\/posts\/478\/revisions\/480"}],"wp:featuredmedia":[{"embeddable":true,"href":"https:\/\/fundacionlibremente.org.ar\/index.php?rest_route=\/wp\/v2\/media\/479"}],"wp:attachment":[{"href":"https:\/\/fundacionlibremente.org.ar\/index.php?rest_route=%2Fwp%2Fv2%2Fmedia&parent=478"}],"wp:term":[{"taxonomy":"category","embeddable":true,"href":"https:\/\/fundacionlibremente.org.ar\/index.php?rest_route=%2Fwp%2Fv2%2Fcategories&post=478"},{"taxonomy":"post_tag","embeddable":true,"href":"https:\/\/fundacionlibremente.org.ar\/index.php?rest_route=%2Fwp%2Fv2%2Ftags&post=478"}],"curies":[{"name":"wp","href":"https:\/\/api.w.org\/{rel}","templated":true}]}}