{"id":50,"date":"2024-02-19T05:26:12","date_gmt":"2024-02-19T08:26:12","guid":{"rendered":"https:\/\/fundacionlibremente.org.ar\/?p=50"},"modified":"2024-07-15T15:22:49","modified_gmt":"2024-07-15T18:22:49","slug":"la-batalla-de-la-libertad-interior","status":"publish","type":"post","link":"https:\/\/fundacionlibremente.org.ar\/?p=50","title":{"rendered":"LA BATALLA DE LA LIBERTAD INTERIOR\u00a0"},"content":{"rendered":"\n<p>El valor de la libertad es una necesidad primaria de los individuos. Es como el agua para el organismo humano. Consiste en el uso y goce de nuestras capacidades para satisfacer proyectos y actividades que pretendemos desarrollar en la vida, sin perjudicar a terceros. En tal sentido, nadie sabe mejor que cada persona lo que a ella le conviene.<\/p>\n\n\n\n<p>&nbsp;&nbsp;&nbsp;&nbsp;&nbsp;&nbsp;&nbsp;&nbsp;&nbsp; Educarnos en el refuerzo de la autoestima para poder auto-gobernarnos con esp\u00edritu cr\u00edtico y criterio propio, es una exigencia moral para lograr autonom\u00eda en nuestras vidas siendo&nbsp; tutores de nosotros mismos. La libertad exterior e interior es un valor que por naturaleza nos corresponde, por lo tanto permanentemente hay que cuidarlo.<\/p>\n\n\n\n<p>&nbsp;&nbsp;&nbsp;&nbsp;&nbsp;&nbsp;&nbsp;&nbsp;&nbsp; Los libertadores de Am\u00e9rica del Sur (San Mart\u00edn y Bol\u00edvar) han sido los padres de la libertad exterior, independiz\u00e1ndonos del reino espa\u00f1ol. Ahora bien, \u00bflas sociedades hispanoamericanas desde la \u00e9poca colonial hasta el presente lograron civilizarse y progresar econ\u00f3micamente, lograron gobernarse respetando las instituciones en el marco de una democracia republicana? Es decir, \u00bflograron conquistar su libertad interior? Entiendo que no.<\/p>\n\n\n\n<p>&nbsp;&nbsp;&nbsp;&nbsp;&nbsp;&nbsp;&nbsp;&nbsp;&nbsp; Nuestra cultura, h\u00e1bitos y costumbres, nunca los hemos podido desarraigar de la \u00e9poca colonial. La matriz emocional hispanoamericana, la que a\u00fan sentimos, palpitamos y manifestamos en nuestras conductas es la matriz proteccionista, paternalista, estatista. Vivimos en una \u201czona de confort\u201d bajo el paraguas del Estado, permitiendo que limite nuestras libertades con la excusa de la justicia social. Respirar aires de libertad, sentirnos internamente libres para proyectar nuestras vidas no estuvo internalizado en nuestra conciencia individual y colectiva. La idiosincrasia de origen constituy\u00f3 un car\u00e1cter social subyugado por la estatolatr\u00eda. &nbsp;&nbsp;&nbsp;<\/p>\n\n\n\n<p>&nbsp;&nbsp;&nbsp;&nbsp;&nbsp;&nbsp;&nbsp;&nbsp;&nbsp; Las ideas de Alberdi plasmadas en la Constituci\u00f3n Nacional sembraron semillas de libertad que en cincuenta a\u00f1os hizo que nos ubic\u00e1ramos entre las primeras naciones del mundo. No obstante, ese cultivo liberal nunca pudo hacer ra\u00edces perennes que mantuvieran en pie los frutos de la libertad. La ra\u00edz colonial, con su autoritarismo improductivo guiado por el Leviat\u00e1n Estado, resurgi\u00f3 esparciendo continuamente \u201cnecesidades\u201d que justificaran la creaci\u00f3n de derechos sin la contrapartida de obligaciones y multiplicando la burocracia; sistema este alimentado por los privados que producen. Todo ello disfrazado por el saqueo legal tributario.<\/p>\n\n\n\n<p>&nbsp;&nbsp;&nbsp;&nbsp;&nbsp;&nbsp;&nbsp;&nbsp;&nbsp; Ergo, las acciones humanas que por naturaleza y en un orden espont\u00e1neo deber\u00edan evolucionar en un marco regulatorio estatal que no asfixie el valor de la libertad interior, han sido condicionadas por el apetito voraz del Estado, que consciente y voluntariamente hemos nutrido conformando una estructura social que encadena la energ\u00eda humana productiva.<\/p>\n\n\n\n<p>&nbsp;&nbsp;&nbsp;&nbsp;&nbsp;&nbsp;&nbsp;&nbsp;&nbsp; Romper ese molde requiere librar nuevamente la batalla de la conquista de la libertad interior que tanto anhelaba Alberdi. Debemos vencer la angustia que nos causa el hecho de vivir en la jaula del Estado carcelero que nosotros mismos hemos construido para brindarnos una falsa seguridad. Debemos abatir la impotencia que hemos incorporado a nuestra conciencia, por la que nos convencimos que es en vano luchar. Nos hemos condenado a encorsetar nuestra libertad interior. Los miedos y las comodidades que generan las enga\u00f1osas \u201czonas de confort\u201d nos han paralizado al punto tal que sentimos la impotencia de hacer algo para liberarnos de la angustia individual y social que padecemos.<\/p>\n\n\n\n<p>&nbsp;&nbsp;&nbsp;&nbsp;&nbsp;&nbsp;&nbsp;&nbsp;&nbsp; En la actualidad, tenemos un presidente vertiginoso e impulsivo en su accionar, con un andar riesgoso en cuanto a que se desempe\u00f1a al l\u00edmite del respeto de las instituciones republicanas. Sus modos no agradables, no debe impedirnos ver que su diagn\u00f3stico pol\u00edtico-econ\u00f3mico-social es correcto. Es veraz en cuanto al an\u00e1lisis que hace respecto a la p\u00e9rdida de nuestra libertad interior, y en tal sentido nos propone librar esa batalla. Aceptar la misma es aceptar que debemos pelear contra la morfolog\u00eda social que nos infect\u00f3 por autogeneraci\u00f3n, como una enfermedad auto-inmunitaria.&nbsp;&nbsp;&nbsp; &nbsp;&nbsp;&nbsp;&nbsp;&nbsp;&nbsp;&nbsp;&nbsp;&nbsp;&nbsp;&nbsp;&nbsp;<\/p>\n\n\n\n<p>&nbsp;&nbsp;&nbsp;&nbsp;&nbsp;&nbsp;&nbsp;&nbsp;&nbsp; Milei ha puesto sobre la mesa m\u00faltiples temas que nunca nos animamos a tratar en t\u00e9rminos de pol\u00edticas p\u00fablicas. No los hemos tratado por miedos e hipocres\u00eda. Con l\u00f3gica y sentido com\u00fan hay que afrontarlos. &nbsp;Obviamente que nos causa sacrificios y dolor enfocarnos en ese combate, pero es una contienda ineludible, caso contrario seguiremos el camino de la decadencia.<\/p>\n\n\n\n<p>&nbsp;&nbsp;&nbsp;&nbsp;&nbsp;&nbsp;&nbsp;&nbsp;&nbsp; Para Alberdi, la base de la educaci\u00f3n son los h\u00e1bitos, las costumbres, los comportamientos y actitudes. Esa base es la que pretende restaurar Milei. Las leyes y reglamentaciones que se aplicaron en el transcurso del tiempo, terminaron desvirtuando el esp\u00edritu liberal de la Constituci\u00f3n Nacional. Esta realidad la tenemos que entender por dolorosa que sea, por lo tanto hay que erradicar todo el plexo normativo que da\u00f1a a la ley magna y en consecuencia nuestras vidas. &nbsp;&nbsp;&nbsp;&nbsp;&nbsp;&nbsp;&nbsp;&nbsp;<\/p>\n\n\n\n<p>&nbsp;&nbsp;&nbsp;&nbsp;&nbsp;&nbsp;&nbsp;&nbsp;&nbsp; Asumir los avatares a los que nos expone la libertad interior no es sencillo, m\u00e1xime cuando debemos destruir la ingenier\u00eda social que hemos cimentado a trav\u00e9s del yugo estatal y que nos hace creer que nos protege.<\/p>\n\n\n\n<p>&nbsp;&nbsp;&nbsp;&nbsp;&nbsp;&nbsp;&nbsp;&nbsp;&nbsp; En buena medida, las nuevas generaciones analizan y comprenden mejor que los mayores el mundo actual. Milei est\u00e1 en esa l\u00ednea, esperemos que su car\u00e1cter imperativo se atempere. Es valiente, necesita educarse en la templanza, virtud esta que enaltecer\u00eda a un pol\u00edtico que aspira a que los argentinos recuperemos la libertad interior por la que tanto batall\u00f3 Alberdi.&nbsp; &nbsp;<\/p>\n\n\n\n<p class=\"has-text-align-right\"><em>Presidente Fundaci\u00f3n LibreMente, Dr. Orlando Litta<\/em>.<\/p>\n","protected":false},"excerpt":{"rendered":"<p>El valor de la libertad es una necesidad primaria de los individuos. Es como el agua para el organismo humano. Consiste en el uso y goce de nuestras capacidades para satisfacer proyectos y actividades que pretendemos desarrollar en la vida, sin perjudicar a terceros. En tal sentido, nadie sabe mejor que cada persona lo que [&hellip;]<\/p>\n","protected":false},"author":1,"featured_media":51,"comment_status":"open","ping_status":"open","sticky":false,"template":"","format":"standard","meta":{"footnotes":""},"categories":[4],"tags":[],"class_list":["post-50","post","type-post","status-publish","format-standard","has-post-thumbnail","hentry","category-articulos"],"_links":{"self":[{"href":"https:\/\/fundacionlibremente.org.ar\/index.php?rest_route=\/wp\/v2\/posts\/50","targetHints":{"allow":["GET"]}}],"collection":[{"href":"https:\/\/fundacionlibremente.org.ar\/index.php?rest_route=\/wp\/v2\/posts"}],"about":[{"href":"https:\/\/fundacionlibremente.org.ar\/index.php?rest_route=\/wp\/v2\/types\/post"}],"author":[{"embeddable":true,"href":"https:\/\/fundacionlibremente.org.ar\/index.php?rest_route=\/wp\/v2\/users\/1"}],"replies":[{"embeddable":true,"href":"https:\/\/fundacionlibremente.org.ar\/index.php?rest_route=%2Fwp%2Fv2%2Fcomments&post=50"}],"version-history":[{"count":1,"href":"https:\/\/fundacionlibremente.org.ar\/index.php?rest_route=\/wp\/v2\/posts\/50\/revisions"}],"predecessor-version":[{"id":52,"href":"https:\/\/fundacionlibremente.org.ar\/index.php?rest_route=\/wp\/v2\/posts\/50\/revisions\/52"}],"wp:featuredmedia":[{"embeddable":true,"href":"https:\/\/fundacionlibremente.org.ar\/index.php?rest_route=\/wp\/v2\/media\/51"}],"wp:attachment":[{"href":"https:\/\/fundacionlibremente.org.ar\/index.php?rest_route=%2Fwp%2Fv2%2Fmedia&parent=50"}],"wp:term":[{"taxonomy":"category","embeddable":true,"href":"https:\/\/fundacionlibremente.org.ar\/index.php?rest_route=%2Fwp%2Fv2%2Fcategories&post=50"},{"taxonomy":"post_tag","embeddable":true,"href":"https:\/\/fundacionlibremente.org.ar\/index.php?rest_route=%2Fwp%2Fv2%2Ftags&post=50"}],"curies":[{"name":"wp","href":"https:\/\/api.w.org\/{rel}","templated":true}]}}